{"id":1680,"date":"2019-07-10T10:08:00","date_gmt":"2019-07-10T14:08:00","guid":{"rendered":"https:\/\/coupe-femina.enconstruction.website\/?p=1680"},"modified":"2025-10-30T10:13:36","modified_gmt":"2025-10-30T14:13:36","slug":"la-solidarite-feminine-se-manifeste-doutre-mer","status":"publish","type":"post","link":"https:\/\/www.coupe-femina.com\/en\/la-solidarite-feminine-se-manifeste-doutre-mer\/","title":{"rendered":"La solidarit\u00e9 f\u00e9minine se manifeste d&rsquo;outre-mer"},"content":{"rendered":"\n<div class=\"wp-block-columns is-layout-flex wp-container-core-columns-is-layout-9d6595d7 wp-block-columns-is-layout-flex\">\n<div class=\"wp-block-column is-layout-flow wp-block-column-is-layout-flow\">\n<p>Coupe Femina re\u00e7oit des messages d&rsquo;encouragements de l&rsquo;International en provenance de :<\/p>\n\n\n\n<p>WIM Series&nbsp;Finlande, Su\u00e8de, Russie,<br>Libby Greenhalgh et Abby Ehler de Magenta project,&nbsp;Royaume Uni<br>Justine Mettraux, Suisse<br>Liz Wardley, Australie<br>Women&rsquo;s Cup, France et<br>Women&rsquo;s Sailing School, Turquie<\/p>\n<\/div>\n\n\n\n<div class=\"wp-block-column is-layout-flow wp-block-column-is-layout-flow\">\n<figure class=\"wp-block-embed is-type-video is-provider-youtube wp-block-embed-youtube wp-embed-aspect-16-9 wp-has-aspect-ratio\"><div class=\"wp-block-embed__wrapper\">\n<iframe title=\"encouragements de l&#039;international pour Coupe Femina CF 2018\" width=\"1200\" height=\"675\" src=\"https:\/\/www.youtube.com\/embed\/ooKtZ76hT00?feature=oembed\" frameborder=\"0\" allow=\"accelerometer; autoplay; clipboard-write; encrypted-media; gyroscope; picture-in-picture; web-share\" referrerpolicy=\"strict-origin-when-cross-origin\" allowfullscreen><\/iframe>\n<\/div><\/figure>\n<\/div>\n<\/div>\n\n\n\n<div class=\"wp-block-columns is-layout-flex wp-container-core-columns-is-layout-9d6595d7 wp-block-columns-is-layout-flex\">\n<div class=\"wp-block-column is-layout-flow wp-block-column-is-layout-flow\">\n<figure class=\"wp-block-embed is-type-video is-provider-youtube wp-block-embed-youtube wp-embed-aspect-16-9 wp-has-aspect-ratio\"><div class=\"wp-block-embed__wrapper\">\n<iframe title=\"Message de Dee Caffari \u00e0 la Coupe Femina\" width=\"1200\" height=\"675\" src=\"https:\/\/www.youtube.com\/embed\/Now6nJjBPZA?feature=oembed\" frameborder=\"0\" allow=\"accelerometer; autoplay; clipboard-write; encrypted-media; gyroscope; picture-in-picture; web-share\" referrerpolicy=\"strict-origin-when-cross-origin\" allowfullscreen><\/iframe>\n<\/div><\/figure>\n\n\n\n<p>L\u00e9gende de la Course \u00e0 Voile, Dee Caffari s&rsquo;adresse aux participantes de la Coupe Femina<br>2009 &#8211; Skiper sur le Vend\u00e9e Globe<br>2009 &#8211; Premi\u00e8re femme \u00e0 compl\u00e9ter un tout du globe en solidaire sans escale dans les deux sens<br>2014 &#8211; Membre d&rsquo;\u00e9quipage Volvo Oc\u00e9an Race &#8211; Team SCA<br>2017 &#8211; Skipper &#8211; Volvo Oc\u00e9an Race<\/p>\n<\/div>\n\n\n\n<div class=\"wp-block-column is-layout-flow wp-block-column-is-layout-flow\">\n<figure class=\"wp-block-embed is-type-video is-provider-youtube wp-block-embed-youtube wp-embed-aspect-16-9 wp-has-aspect-ratio\"><div class=\"wp-block-embed__wrapper\">\n<iframe title=\"Elayna s&#039;adresse aux participantes de la Coupe Femina\" width=\"1200\" height=\"675\" src=\"https:\/\/www.youtube.com\/embed\/IKOV0-zX7_Y?feature=oembed\" frameborder=\"0\" allow=\"accelerometer; autoplay; clipboard-write; encrypted-media; gyroscope; picture-in-picture; web-share\" referrerpolicy=\"strict-origin-when-cross-origin\" allowfullscreen><\/iframe>\n<\/div><\/figure>\n\n\n\n<p>Vedette de la navigation de croisi\u00e8re \u00e0 la voile, la navigatrice, chanteuse, youtoubeuse, Elayna livre un message aux participanes de la Coupe Femina.<\/p>\n\n\n\n<p>Elle navigue autour du monde avec son compain Riley et leur nouveau-n\u00e9.&nbsp; Ils filments et documentent leurs aventures depuis 2014. Plus de 200 \u00e9pisodes ont \u00e9t\u00e9 produits.<\/p>\n<\/div>\n<\/div>\n\n\n\n<div class=\"wp-block-columns is-layout-flex wp-container-core-columns-is-layout-9d6595d7 wp-block-columns-is-layout-flex\">\n<div class=\"wp-block-column is-layout-flow wp-block-column-is-layout-flow\">\n<figure class=\"wp-block-embed is-type-video is-provider-youtube wp-block-embed-youtube wp-embed-aspect-16-9 wp-has-aspect-ratio\"><div class=\"wp-block-embed__wrapper\">\n<iframe title=\"Coupe Femina \u00e0 LCN\" width=\"1200\" height=\"675\" src=\"https:\/\/www.youtube.com\/embed\/Ng85tQo-lbs?feature=oembed\" frameborder=\"0\" allow=\"accelerometer; autoplay; clipboard-write; encrypted-media; gyroscope; picture-in-picture; web-share\" referrerpolicy=\"strict-origin-when-cross-origin\" allowfullscreen><\/iframe>\n<\/div><\/figure>\n<\/div>\n\n\n\n<div class=\"wp-block-column is-layout-flow wp-block-column-is-layout-flow\">\n<figure class=\"wp-block-embed is-type-video is-provider-youtube wp-block-embed-youtube wp-embed-aspect-16-9 wp-has-aspect-ratio\"><div class=\"wp-block-embed__wrapper\">\n<iframe title=\"Coupe Femina \u00e0 TVA\" width=\"1200\" height=\"675\" src=\"https:\/\/www.youtube.com\/embed\/dtimaq7v_L0?feature=oembed\" frameborder=\"0\" allow=\"accelerometer; autoplay; clipboard-write; encrypted-media; gyroscope; picture-in-picture; web-share\" referrerpolicy=\"strict-origin-when-cross-origin\" allowfullscreen><\/iframe>\n<\/div><\/figure>\n<\/div>\n\n\n\n<div class=\"wp-block-column is-layout-flow wp-block-column-is-layout-flow\">\n<figure class=\"wp-block-embed is-type-video is-provider-youtube wp-block-embed-youtube wp-embed-aspect-16-9 wp-has-aspect-ratio\"><div class=\"wp-block-embed__wrapper\">\n<iframe title=\"Pascale Robitaille de TVA avec Coupe Femina\" width=\"1200\" height=\"675\" src=\"https:\/\/www.youtube.com\/embed\/HJxpFoP9HQE?feature=oembed\" frameborder=\"0\" allow=\"accelerometer; autoplay; clipboard-write; encrypted-media; gyroscope; picture-in-picture; web-share\" referrerpolicy=\"strict-origin-when-cross-origin\" allowfullscreen><\/iframe>\n<\/div><\/figure>\n<\/div>\n<\/div>\n\n\n\n<div class=\"wp-block-columns is-layout-flex wp-container-core-columns-is-layout-9d6595d7 wp-block-columns-is-layout-flex\">\n<div class=\"wp-block-column is-layout-flow wp-block-column-is-layout-flow\">\n<figure class=\"wp-block-embed is-type-video is-provider-youtube wp-block-embed-youtube wp-embed-aspect-16-9 wp-has-aspect-ratio\"><div class=\"wp-block-embed__wrapper\">\n<iframe title=\"Coupe Femina 2018\" width=\"1200\" height=\"675\" src=\"https:\/\/www.youtube.com\/embed\/SsmXSGJApO8?feature=oembed\" frameborder=\"0\" allow=\"accelerometer; autoplay; clipboard-write; encrypted-media; gyroscope; picture-in-picture; web-share\" referrerpolicy=\"strict-origin-when-cross-origin\" allowfullscreen><\/iframe>\n<\/div><\/figure>\n<\/div>\n\n\n\n<div class=\"wp-block-column is-layout-flow wp-block-column-is-layout-flow\">\n<figure class=\"wp-block-embed is-type-video is-provider-youtube wp-block-embed-youtube wp-embed-aspect-16-9 wp-has-aspect-ratio\"><div class=\"wp-block-embed__wrapper\">\n<iframe title=\"TOPO Coupe Femina\" width=\"1200\" height=\"675\" src=\"https:\/\/www.youtube.com\/embed\/7MN-kaVATPE?feature=oembed\" frameborder=\"0\" allow=\"accelerometer; autoplay; clipboard-write; encrypted-media; gyroscope; picture-in-picture; web-share\" referrerpolicy=\"strict-origin-when-cross-origin\" allowfullscreen><\/iframe>\n<\/div><\/figure>\n<\/div>\n\n\n\n<div class=\"wp-block-column is-layout-flow wp-block-column-is-layout-flow\">\n<figure class=\"wp-block-embed is-type-video is-provider-youtube wp-block-embed-youtube wp-embed-aspect-16-9 wp-has-aspect-ratio\"><div class=\"wp-block-embed__wrapper\">\n<iframe title=\"Coupe Femina : ce qu&#039;elles en pensent !\" width=\"1200\" height=\"675\" src=\"https:\/\/www.youtube.com\/embed\/o7piYHnioec?feature=oembed\" frameborder=\"0\" allow=\"accelerometer; autoplay; clipboard-write; encrypted-media; gyroscope; picture-in-picture; web-share\" referrerpolicy=\"strict-origin-when-cross-origin\" allowfullscreen><\/iframe>\n<\/div><\/figure>\n<\/div>\n<\/div>\n\n\n\n<div class=\"wp-block-columns is-layout-flex wp-container-core-columns-is-layout-9d6595d7 wp-block-columns-is-layout-flex\">\n<div class=\"wp-block-column is-layout-flow wp-block-column-is-layout-flow\">\n<figure class=\"wp-block-embed is-type-video is-provider-youtube wp-block-embed-youtube wp-embed-aspect-16-9 wp-has-aspect-ratio\"><div class=\"wp-block-embed__wrapper\">\n<iframe title=\"Coupe F\u00e9mina 8 juillet 2017 sans logo H264\" width=\"1200\" height=\"675\" src=\"https:\/\/www.youtube.com\/embed\/_iIv6G3qeaA?feature=oembed\" frameborder=\"0\" allow=\"accelerometer; autoplay; clipboard-write; encrypted-media; gyroscope; picture-in-picture; web-share\" referrerpolicy=\"strict-origin-when-cross-origin\" allowfullscreen><\/iframe>\n<\/div><\/figure>\n<\/div>\n\n\n\n<div class=\"wp-block-column is-layout-flow wp-block-column-is-layout-flow\">\n<figure class=\"wp-block-embed is-type-video is-provider-youtube wp-block-embed-youtube wp-embed-aspect-16-9 wp-has-aspect-ratio\"><div class=\"wp-block-embed__wrapper\">\n<iframe title=\"2017 coupe femina promo\" width=\"1200\" height=\"675\" src=\"https:\/\/www.youtube.com\/embed\/drL0L1WSIg4?feature=oembed\" frameborder=\"0\" allow=\"accelerometer; autoplay; clipboard-write; encrypted-media; gyroscope; picture-in-picture; web-share\" referrerpolicy=\"strict-origin-when-cross-origin\" allowfullscreen><\/iframe>\n<\/div><\/figure>\n<\/div>\n\n\n\n<div class=\"wp-block-column is-layout-flow wp-block-column-is-layout-flow\">\n<figure class=\"wp-block-embed is-type-video is-provider-youtube wp-block-embed-youtube wp-embed-aspect-16-9 wp-has-aspect-ratio\"><div class=\"wp-block-embed__wrapper\">\n<iframe title=\"Coupe Femina 2016\" width=\"1200\" height=\"675\" src=\"https:\/\/www.youtube.com\/embed\/Vuoz72n9JSw?feature=oembed\" frameborder=\"0\" allow=\"accelerometer; autoplay; clipboard-write; encrypted-media; gyroscope; picture-in-picture; web-share\" referrerpolicy=\"strict-origin-when-cross-origin\" allowfullscreen><\/iframe>\n<\/div><\/figure>\n<\/div>\n<\/div>\n","protected":false},"excerpt":{"rendered":"<p>Coupe Femina re\u00e7oit des messages d&rsquo;encouragements de l&rsquo;International en provenance de : WIM Series&nbsp;Finlande, Su\u00e8de, Russie,Libby Greenhalgh et Abby Ehler de Magenta project,&nbsp;Royaume UniJustine Mettraux, SuisseLiz Wardley, AustralieWomen&rsquo;s Cup, France etWomen&rsquo;s Sailing School, Turquie L\u00e9gende de la Course \u00e0 Voile, Dee Caffari s&rsquo;adresse aux participantes de la Coupe Femina2009 &#8211; Skiper sur le Vend\u00e9e Globe2009 &#8230; <a title=\"La solidarit\u00e9 f\u00e9minine se manifeste d&rsquo;outre-mer\" class=\"read-more\" href=\"https:\/\/www.coupe-femina.com\/en\/la-solidarite-feminine-se-manifeste-doutre-mer\/\" aria-label=\"Read more about La solidarit\u00e9 f\u00e9minine se manifeste d&rsquo;outre-mer\">Read more<\/a><\/p>\n","protected":false},"author":1,"featured_media":0,"comment_status":"closed","ping_status":"closed","sticky":false,"template":"","format":"standard","meta":{"_acf_changed":false,"_seopress_robots_primary_cat":"","_seopress_titles_title":"","_seopress_titles_desc":"","_seopress_robots_index":"","inline_featured_image":false,"footnotes":""},"categories":[1],"tags":[],"class_list":["post-1680","post","type-post","status-publish","format-standard","hentry","category-non-classe"],"acf":[],"_links":{"self":[{"href":"https:\/\/www.coupe-femina.com\/en\/wp-json\/wp\/v2\/posts\/1680","targetHints":{"allow":["GET"]}}],"collection":[{"href":"https:\/\/www.coupe-femina.com\/en\/wp-json\/wp\/v2\/posts"}],"about":[{"href":"https:\/\/www.coupe-femina.com\/en\/wp-json\/wp\/v2\/types\/post"}],"author":[{"embeddable":true,"href":"https:\/\/www.coupe-femina.com\/en\/wp-json\/wp\/v2\/users\/1"}],"replies":[{"embeddable":true,"href":"https:\/\/www.coupe-femina.com\/en\/wp-json\/wp\/v2\/comments?post=1680"}],"version-history":[{"count":2,"href":"https:\/\/www.coupe-femina.com\/en\/wp-json\/wp\/v2\/posts\/1680\/revisions"}],"predecessor-version":[{"id":1682,"href":"https:\/\/www.coupe-femina.com\/en\/wp-json\/wp\/v2\/posts\/1680\/revisions\/1682"}],"wp:attachment":[{"href":"https:\/\/www.coupe-femina.com\/en\/wp-json\/wp\/v2\/media?parent=1680"}],"wp:term":[{"taxonomy":"category","embeddable":true,"href":"https:\/\/www.coupe-femina.com\/en\/wp-json\/wp\/v2\/categories?post=1680"},{"taxonomy":"post_tag","embeddable":true,"href":"https:\/\/www.coupe-femina.com\/en\/wp-json\/wp\/v2\/tags?post=1680"}],"curies":[{"name":"wp","href":"https:\/\/api.w.org\/{rel}","templated":true}]}}