{"id":1670,"date":"2020-04-15T10:00:00","date_gmt":"2020-04-15T14:00:00","guid":{"rendered":"https:\/\/coupe-femina.enconstruction.website\/?p=1670"},"modified":"2025-10-30T10:01:14","modified_gmt":"2025-10-30T14:01:14","slug":"coupe-femina-annule-son-edition-2020","status":"publish","type":"post","link":"https:\/\/www.coupe-femina.com\/en\/coupe-femina-annule-son-edition-2020\/","title":{"rendered":"Coupe Femina annule son \u00e9dition 2020"},"content":{"rendered":"\n<p>L\u00e9vis, le 15 avril 2020.&nbsp; Ce n\u2019est pas sans un pincement au c\u0153ur que nous annon\u00e7ons l\u2019annulation de la 7e \u00e9dition de la Coupe Femina pr\u00e9vue initialement les 3 et 4 juillet 2020.&nbsp; Nous esp\u00e9rions jusqu\u2019\u00e0 tout r\u00e9cemment pouvoir la d\u00e9placer au mois d\u2019aout.&nbsp; Mais \u00e0 la lumi\u00e8re des derni\u00e8res informations, il n\u2019aurait pas \u00e9t\u00e9 sage d\u2019emprunter cette voie en raison de l\u2019incertitude qui r\u00e8gne, et du risque pour la sant\u00e9 de nos participantes, nos partenaires, nos b\u00e9n\u00e9voles, de ceux qui nous soutiennent et encouragent, de m\u00eame que leurs proches.<\/p>\n\n\n\n<p>Notre priorit\u00e9 restera toujours votre s\u00e9curit\u00e9. Nous comprenons et appuyons les \u00e9nergies mises en place par notre gouvernement afin de prot\u00e9ger la population&nbsp;contre ce virus. Nous en profitons pour saluer et remercier pour leur courage tous ceux qui sont sur la ligne de front.<\/p>\n\n\n\n<p>Cependant, malgr\u00e9 cela, nous maintenons notre programme de formation et de leadership pour les filles de 15 \u00e0 17 ans. &nbsp;Dix belles jeunes avaient \u00e9t\u00e9 s\u00e9lectionn\u00e9es au terme du concours \u00ab&nbsp;\u00c9quipage de la rel\u00e8ve&nbsp;\u00bb et nous ne voulons pas les laisser tomber. D\u00e8s que les consignes le permettront, nous d\u00e9buterons leur entrainement sur l\u2019eau qui se poursuivra jusqu\u2019en 2021.&nbsp; Entretemps, elles b\u00e9n\u00e9ficieront de formation en ligne.<\/p>\n\n\n\n<p>Le souper de pr\u00e9sentation de la rel\u00e8ve pr\u00e9vu en mai est aussi annul\u00e9 et sera repris, si c\u2019est possible, \u00e0 l\u2019automne.&nbsp;Nos autres activit\u00e9s de financement comme le tirage au profit de la Coupe Femina et l\u2019encan silencieux (virtuel) se tiendront comme pr\u00e9vu. Malgr\u00e9 la situation, nous entendons demeurer actif aupr\u00e8s de notre r\u00e9seau.<\/p>\n\n\n\n<p>Nous remercions tous nos partenaires et tous ceux qui collaborent de pr\u00e8s ou de loin au succ\u00e8s de la Coupe Femina pour leur soutien et leur compr\u00e9hension en cette p\u00e9riode difficile.<\/p>\n\n\n\n<p>R\u00eavons \u00e0 notre prochaine aventure, et unissons-nous autour de la passion qui nous anime. Nous serons l\u00e0 en 2021.<\/p>\n","protected":false},"excerpt":{"rendered":"<p>L\u00e9vis, le 15 avril 2020.&nbsp; Ce n\u2019est pas sans un pincement au c\u0153ur que nous annon\u00e7ons l\u2019annulation de la 7e \u00e9dition de la Coupe Femina pr\u00e9vue initialement les 3 et 4 juillet 2020.&nbsp; Nous esp\u00e9rions jusqu\u2019\u00e0 tout r\u00e9cemment pouvoir la d\u00e9placer au mois d\u2019aout.&nbsp; Mais \u00e0 la lumi\u00e8re des derni\u00e8res informations, il n\u2019aurait pas \u00e9t\u00e9 &#8230; <a title=\"Coupe Femina annule son \u00e9dition 2020\" class=\"read-more\" href=\"https:\/\/www.coupe-femina.com\/en\/coupe-femina-annule-son-edition-2020\/\" aria-label=\"Read more about Coupe Femina annule son \u00e9dition 2020\">Read more<\/a><\/p>\n","protected":false},"author":1,"featured_media":0,"comment_status":"closed","ping_status":"closed","sticky":false,"template":"","format":"standard","meta":{"_acf_changed":false,"_seopress_robots_primary_cat":"","_seopress_titles_title":"","_seopress_titles_desc":"","_seopress_robots_index":"","inline_featured_image":false,"footnotes":""},"categories":[1],"tags":[],"class_list":["post-1670","post","type-post","status-publish","format-standard","hentry","category-non-classe"],"acf":[],"_links":{"self":[{"href":"https:\/\/www.coupe-femina.com\/en\/wp-json\/wp\/v2\/posts\/1670","targetHints":{"allow":["GET"]}}],"collection":[{"href":"https:\/\/www.coupe-femina.com\/en\/wp-json\/wp\/v2\/posts"}],"about":[{"href":"https:\/\/www.coupe-femina.com\/en\/wp-json\/wp\/v2\/types\/post"}],"author":[{"embeddable":true,"href":"https:\/\/www.coupe-femina.com\/en\/wp-json\/wp\/v2\/users\/1"}],"replies":[{"embeddable":true,"href":"https:\/\/www.coupe-femina.com\/en\/wp-json\/wp\/v2\/comments?post=1670"}],"version-history":[{"count":1,"href":"https:\/\/www.coupe-femina.com\/en\/wp-json\/wp\/v2\/posts\/1670\/revisions"}],"predecessor-version":[{"id":1671,"href":"https:\/\/www.coupe-femina.com\/en\/wp-json\/wp\/v2\/posts\/1670\/revisions\/1671"}],"wp:attachment":[{"href":"https:\/\/www.coupe-femina.com\/en\/wp-json\/wp\/v2\/media?parent=1670"}],"wp:term":[{"taxonomy":"category","embeddable":true,"href":"https:\/\/www.coupe-femina.com\/en\/wp-json\/wp\/v2\/categories?post=1670"},{"taxonomy":"post_tag","embeddable":true,"href":"https:\/\/www.coupe-femina.com\/en\/wp-json\/wp\/v2\/tags?post=1670"}],"curies":[{"name":"wp","href":"https:\/\/api.w.org\/{rel}","templated":true}]}}