{"id":1664,"date":"2022-06-16T09:55:00","date_gmt":"2022-06-16T13:55:00","guid":{"rendered":"https:\/\/coupe-femina.enconstruction.website\/?p=1664"},"modified":"2025-10-30T09:56:36","modified_gmt":"2025-10-30T13:56:36","slug":"preparez-vous-elles-seront-bientot-la","status":"publish","type":"post","link":"https:\/\/www.coupe-femina.com\/en\/preparez-vous-elles-seront-bientot-la\/","title":{"rendered":"Pr\u00e9parez-vous elles seront bient\u00f4t l\u00e0 !"},"content":{"rendered":"\n<p>L\u00e9vis, le 16 juin 2022. C\u2019est \u00e0 L\u00e9vis, du 7 au 10 juillet 2022, que Formation Nautique Qu\u00e9bec tiendra la 7e \u00e9dition de la comp\u00e9tition de voiliers \u00e0 \u00e9quipage 100% f\u00e9minin, la Coupe Femina.<\/p>\n\n\n\n<p>Apr\u00e8s deux ans de pause, la Coupe Femina&nbsp;se pr\u00e9pare avec enthousiasme \u00e0 accueillir plus de 150 navigatrices provenant de 60 municipalit\u00e9s et villes du Qu\u00e9bec; et m\u00eame de Brest puisque l\u2019organisation recevra la navigatrice r\u00e9gati\u00e8re et blogueuse Katell Quidelleur qui se d\u00e9place pour vivre ce d\u00e9fi nautique 100% f\u00e9minin.<\/p>\n\n\n\n<p>Pour Marie-Andr\u00e9e Poulin, pr\u00e9sentatrice t\u00e9l\u00e9, passionn\u00e9e de voile, et porte-parole de l\u2019\u00e9v\u00e9nement pour une 3e \u00e9dition, \u00ab\u00a0J&rsquo;ai pu prendre conscience de l&rsquo;importance de promouvoir et d&rsquo;encourager les femmes \u00e0 prendre leur place dans ce milieu trop souvent reconnu comme \u00ab masculin \u00bb. Ce d\u00e9fi, ce rassemblement f\u00e9minin, se veut inspirant pour les femmes de tous \u00e2ges et de toutes g\u00e9n\u00e9rations\u00a0\u00bb<\/p>\n\n\n\n<p>Depuis 2014, ce sont des centaines de femmes qui se sont donn\u00e9 rendez-vous annuellement pour vivre la Coupe Femina. Il s\u2019agit d\u2019un d\u00e9fi nautique de plus 8 \u00e0 10 heures de navigation o\u00f9 les courants, les mar\u00e9es, les vents risquent de r\u00e9server bien des surprises aux participantes. Le parcours 2022 est \u00e9tabli entre la Baie de Beauport et la Baie de Cap Rouge combinant bou\u00e9es et distance. Le coup de d\u00e9part sera donn\u00e9 de la marina du Parc Nautique L\u00e9vy entre 9 h et 10 h selon les conditions m\u00e9t\u00e9os du jour.<\/p>\n\n\n\n<p>\u00c9v\u00e9nement distinctif, la Coupe Femina pla\u00eet pour son audace et cr\u00e9e un engouement aupr\u00e8s des participantes et des partenaires en mettant \u00e0 l\u2019\u00e9preuve des valeurs telles que la d\u00e9termination, l\u2019esprit d\u2019\u00e9quipe, la pers\u00e9v\u00e9rance et le courage. Comme elles sont de plus en plus nombreuses \u00e0 vouloir relever le d\u00e9fi, l\u2019organisation, en partenariat avec la Transat Qu\u00e9bec Saint-Malo, a pouss\u00e9 l\u2019audace \u00e0 bonifier, sa programmation d\u2019une nouvelle comp\u00e9tition&nbsp;: le \u00ab\u00a0Femina Challenge\u00a0\u00bb.<\/p>\n\n\n\n<p>Ce d\u00e9fi, conduisant au Troph\u00e9e Transat Qu\u00e9bec Saint-Malo, s&rsquo;adresse aux coureuses qui souhaitent augmenter le degr\u00e9 de difficult\u00e9 \u00e0 leur participation.&nbsp;En plus de prendre part \u00e0 la&nbsp;Coupe Femina&nbsp;le samedi 9 juillet 2022, les \u00e9quipes participantes sont soumises \u00e0 deux \u00e9preuves de navigation entre Qu\u00e9bec et L\u00e9vis le vendredi 8 juillet.&nbsp;&nbsp;<\/p>\n\n\n\n<p>Pour Michelle Cantin, pr\u00e9sidente de Coupe Femina et Formation Nautique Qu\u00e9bec \u00ab&nbsp;utiliser la voile comme moyen d\u2019amener les femmes et les filles \u00e0 se d\u00e9passer, \u00e0 prendre leur place, \u00e0 faire preuve d\u2019audace et \u00e0 sortir des sentiers battus me passionne. Au final, elles en ressortent transform\u00e9es d\u2019avoir r\u00e9ussi.&nbsp;\u00bb&nbsp;<\/p>\n\n\n\n<p>La Coupe Femina, c\u2019est aussi un programme de d\u00e9passement de soi et de leadership au f\u00e9minin pour les filles de 15 \u00e0 17 ans. Cette ann\u00e9e, elles seront 5 jeunes choisies en pr\u00e9pand\u00e9mie qui ont un seul objectif&nbsp;: r\u00e9ussir le parcours.<\/p>\n\n\n\n<p>Fi\u00e8res ambassadrices de leur \u00e9v\u00e9nement, les navigatrices et l\u2019organisation ont propuls\u00e9 leur comp\u00e9tition vers de nouveaux horizons puisqu\u2019en 2020, sur recommandation de Voile Canada, la Coupe Femina re\u00e7oit le prestigieux prix Rolex dans la cat\u00e9gorie \u00ab&nbsp;\u00c9v\u00e9nement r\u00e9cr\u00e9atif de l\u2019ann\u00e9e au Canada&nbsp;\u00bb.<\/p>\n\n\n\n<p>Encore une fois en 2022, la Coupe Femina sera un \u00e9v\u00e9nement unique \u00e0 vivre intens\u00e9ment. Vous aimeriez embarquer avec nous \u00e0 bord d\u2019une de nos embarcations pour assister au coup d\u2019envoi. N\u2019h\u00e9sitez pas \u00e0 nous contacter, nous avons une place pour vous.<\/p>\n\n\n\n<p>Une ambiance du tonnerre est \u00e0 pr\u00e9voir !&nbsp; L\u2019arriv\u00e9e des premi\u00e8res coureuses se fera le jeudi 7 juillet vers 15 h et elles seront toutes pr\u00e9sentes \u00e0 la marina du Parc Nautique L\u00e9vy, le vendredi 8 en fin d\u2019apr\u00e8s-midi. L\u2019horaire est disponible sur le site Internet &nbsp;<br>www.coupe-femina.com et peut varier selon les conditions m\u00e9t\u00e9orologiques. &nbsp;&nbsp;&nbsp;&nbsp;&nbsp;&nbsp;&nbsp;&nbsp;&nbsp;&nbsp;&nbsp;&nbsp;&nbsp;&nbsp;&nbsp;&nbsp;&nbsp;&nbsp;&nbsp;&nbsp;&nbsp;&nbsp;<\/p>\n\n\n\n<p>Parmi les nombreuses activit\u00e9s pr\u00e9vues, il est possible d\u2019assister aux activit\u00e9s suivantes&nbsp;:<\/p>\n\n\n\n<p>Vendredi 8 juillet 2022&nbsp;: 10&nbsp;h&nbsp;: D\u00e9part du parcours 1 du Femina Challenge<br>Vendredi 8 juillet 2022&nbsp;: 13 h&nbsp;: D\u00e9part du parcours 2 du Femina Challenge<br>Samedi 9 juillet 2022&nbsp;: Entre 9 h et 10 h&nbsp;: D\u00e9part de la Coupe Femina<\/p>\n\n\n\n<p>Nous esp\u00e9rons que vous serez nombreux \u00e0 venir les encourager et suivre leur parcours.<\/p>\n\n\n\n<p>Pr\u00e9parez-vous \u00e0 vivre la Coupe Femina car elles seront bient\u00f4t l\u00e0.<\/p>\n","protected":false},"excerpt":{"rendered":"<p>L\u00e9vis, le 16 juin 2022. C\u2019est \u00e0 L\u00e9vis, du 7 au 10 juillet 2022, que Formation Nautique Qu\u00e9bec tiendra la 7e \u00e9dition de la comp\u00e9tition de voiliers \u00e0 \u00e9quipage 100% f\u00e9minin, la Coupe Femina. Apr\u00e8s deux ans de pause, la Coupe Femina&nbsp;se pr\u00e9pare avec enthousiasme \u00e0 accueillir plus de 150 navigatrices provenant de 60 municipalit\u00e9s &#8230; <a title=\"Pr\u00e9parez-vous elles seront bient\u00f4t l\u00e0 !\" class=\"read-more\" href=\"https:\/\/www.coupe-femina.com\/en\/preparez-vous-elles-seront-bientot-la\/\" aria-label=\"Read more about Pr\u00e9parez-vous elles seront bient\u00f4t l\u00e0 !\">Read more<\/a><\/p>\n","protected":false},"author":1,"featured_media":0,"comment_status":"closed","ping_status":"closed","sticky":false,"template":"","format":"standard","meta":{"_acf_changed":false,"_seopress_robots_primary_cat":"","_seopress_titles_title":"","_seopress_titles_desc":"","_seopress_robots_index":"","inline_featured_image":false,"footnotes":""},"categories":[1],"tags":[],"class_list":["post-1664","post","type-post","status-publish","format-standard","hentry","category-non-classe"],"acf":[],"_links":{"self":[{"href":"https:\/\/www.coupe-femina.com\/en\/wp-json\/wp\/v2\/posts\/1664","targetHints":{"allow":["GET"]}}],"collection":[{"href":"https:\/\/www.coupe-femina.com\/en\/wp-json\/wp\/v2\/posts"}],"about":[{"href":"https:\/\/www.coupe-femina.com\/en\/wp-json\/wp\/v2\/types\/post"}],"author":[{"embeddable":true,"href":"https:\/\/www.coupe-femina.com\/en\/wp-json\/wp\/v2\/users\/1"}],"replies":[{"embeddable":true,"href":"https:\/\/www.coupe-femina.com\/en\/wp-json\/wp\/v2\/comments?post=1664"}],"version-history":[{"count":1,"href":"https:\/\/www.coupe-femina.com\/en\/wp-json\/wp\/v2\/posts\/1664\/revisions"}],"predecessor-version":[{"id":1665,"href":"https:\/\/www.coupe-femina.com\/en\/wp-json\/wp\/v2\/posts\/1664\/revisions\/1665"}],"wp:attachment":[{"href":"https:\/\/www.coupe-femina.com\/en\/wp-json\/wp\/v2\/media?parent=1664"}],"wp:term":[{"taxonomy":"category","embeddable":true,"href":"https:\/\/www.coupe-femina.com\/en\/wp-json\/wp\/v2\/categories?post=1664"},{"taxonomy":"post_tag","embeddable":true,"href":"https:\/\/www.coupe-femina.com\/en\/wp-json\/wp\/v2\/tags?post=1664"}],"curies":[{"name":"wp","href":"https:\/\/api.w.org\/{rel}","templated":true}]}}