{"id":1660,"date":"2022-07-10T09:52:00","date_gmt":"2022-07-10T13:52:00","guid":{"rendered":"https:\/\/coupe-femina.enconstruction.website\/?p=1660"},"modified":"2025-10-30T09:55:37","modified_gmt":"2025-10-30T13:55:37","slug":"cest-un-retour-reussi-pour-la-coupe-femina","status":"publish","type":"post","link":"https:\/\/www.coupe-femina.com\/en\/cest-un-retour-reussi-pour-la-coupe-femina\/","title":{"rendered":"C\u2019est un retour r\u00e9ussi pour la Coupe Femina"},"content":{"rendered":"\n<p>Apr\u00e8s deux ans de pause, c\u2019est un vent de succ\u00e8s qui a souffl\u00e9 sur la 7e \u00e9dition de la Coupe Femina du 7 au 10 juillet 2022. Pour Formation Nautique Qu\u00e9bec, organisateur de l\u2019\u00e9v\u00e9nement, on ne pouvait souhaiter mieux. Tous les ingr\u00e9dients \u00e9taient r\u00e9unis pour assurer un retour fracassant de la Coupe Femina&nbsp;: c\u2019est 160 navigatrices heureuses de se retrouver, d\u00e9bordantes d\u2019\u00e9nergie, de motivation et de d\u00e9termination, r\u00e9parties sur 35 bateaux qui se sont donn\u00e9 rendez-vous pour vivre le d\u00e9fi nautique \u00e0 la voile 100% f\u00e9minin&nbsp;: Coupe Femina.<\/p>\n\n\n\n<p>La majorit\u00e9 des r\u00e9gions du Qu\u00e9bec \u00e9tait repr\u00e9sent\u00e9e puisque les participantes provenaient de 60 villes et municipalit\u00e9s du Qu\u00e9bec, et une participante venait m\u00eame de Brest.<\/p>\n\n\n\n<p>Notre collaboratrice la plus influente et la plus impr\u00e9visible, la m\u00e9t\u00e9orologie, a contribu\u00e9 positivement au succ\u00e8s de la comp\u00e9tition&nbsp;: le beau temps \u00e9tait au rendez-vous.&nbsp; Des vents l\u00e9gers \u00e0 insistants conjugu\u00e9s \u00e0 des renverses de mar\u00e9es ont contribu\u00e9 \u00e0 complexifier le niveau de difficult\u00e9s du parcours instaurant un d\u00e9fi de taille pour les navigatrices.<\/p>\n\n\n\n<p>Le parcours 2022 \u00e9tabli entre la Baie de Beauport et la Baie de Cap Rouge combinait bou\u00e9es et mar\u00e9es.&nbsp; Le 1er d\u00e9part fut donn\u00e9 \u00e0 9 h 35 et c\u2019est la classe Aliz\u00e9e qui a d\u00e9but\u00e9 le parcours de 27 milles nautiques, suivie par les classes \u00ab&nbsp;Rafale&nbsp;\u00bb, \u00ab&nbsp;\u00c9volution&nbsp;\u00bb et les catamarans de la cat\u00e9gorie \u00ab&nbsp;F-18&nbsp;\u00bb.&nbsp; Favoris\u00e9 par les conditions m\u00e9t\u00e9os du jour, il aura pris entre 6 et 8 heures pour r\u00e9aliser le trajet de 27 milles nautiques sur les 9 \u00e0 10 h pr\u00e9vues initialement.<\/p>\n\n\n\n<p>Ce 7e rendez-vous nautique 100% f\u00e9minin a connu un franc succ\u00e8s sur toute la ligne et les organisateurs \u00e9taient heureux de voir tout cet enthousiasme d\u00e9barquer \u00e0 la marina du Parc Nautique L\u00e9vy.<\/p>\n\n\n\n<h2 class=\"wp-block-heading\">Une vive comp\u00e9tition sur le Femina Challenge<\/h2>\n\n\n\n<p>L\u2019organisation a pouss\u00e9 l\u2019audace en ajoutant \u00e0 sa programmation une nouvelle comp\u00e9tition&nbsp;: le Femina Challenge. Conduisant au Troph\u00e9e Transat Qu\u00e9bec Saint-Malo, ce d\u00e9fi s&rsquo;adressait aux navigatrices qui vibrent \u00e0 la comp\u00e9tition. En plus de prendre part \u00e0 la Coupe Femina le samedi 9 juillet 2022, deux \u00e9preuves suppl\u00e9mentaires devaient \u00eatre r\u00e9alis\u00e9es entre Qu\u00e9bec et L\u00e9vis le vendredi 8 juillet.<\/p>\n\n\n\n<p>Une vive, tr\u00e8s vive comp\u00e9tition s\u2019est install\u00e9e entre les 24 \u00e9quipi\u00e8res formant les 4 \u00e9quipages inscrits. Au terme des trois manches pr\u00e9vues, c\u2019est l\u2019\u00e9quipage de la skipper Marie-Eve Bergeron \u00e0 la barre du voilier Rubicon qui remporte le Troph\u00e9e Transat Qu\u00e9bec Saint-Malo.&nbsp; Cette nouvelle comp\u00e9tition a piqu\u00e9 la curiosit\u00e9 et suscit\u00e9 l\u2019int\u00e9r\u00eat de plusieurs autres concurrentes. Il est permis de croire que nous verrons augmenter consid\u00e9rablement le nombre de participantes au Femina Challenge en 2023.<\/p>\n\n\n\n<h2 class=\"wp-block-heading\">La rel\u00e8ve sur le podium<\/h2>\n\n\n\n<p>La rel\u00e8ve \u00e9tait \u00e0 l\u2019honneur sur cette \u00e9dition de la Coupe Femina.&nbsp; Elles \u00e9taient pr\u00eates et motiv\u00e9es avec un seul objectif en t\u00eate&nbsp;: terminer le parcours. Elles en \u00e9taient toutes \u00e0 leur 1re exp\u00e9rience comme skipper sur une r\u00e9gate et elles se sont distingu\u00e9es.<\/p>\n\n\n\n<p>Justine Lamonde, 21 ans, skipper du voilier Maylight m\u00e9rite la 1re position dans la cat\u00e9gorie 100% f\u00e9minin avec son jeune \u00e9quipage<br><br>Marie Anguenot, 19 ans, remporte la 3e position dans la cat\u00e9gorie \u00c9volution \u00e0 la barre du voilier Merlot II.<\/p>\n\n\n\n<p>Camille Pouliot, 21 ans, s\u00e9lectionn\u00e9e en 2017 sur la 1re cohorte du Bateau de la rel\u00e8ve, se hisse en 5e position dans la classe 100% f\u00e9minin comme skipper sur le voilier Sao.<\/p>\n\n\n\n<h2 class=\"wp-block-heading\">Les CAN F-18<\/h2>\n\n\n\n<p>Une autre surprise de taille attendait les organisateurs. Dans la cat\u00e9gorie des supers petits performants, CAN F-18, ce sont 10 catamarans qui se sont pr\u00e9sent\u00e9s sur la ligne de d\u00e9part. Ce qui est un record de participation pour cette cat\u00e9gorie. Impressionnants, ils ont offert une belle performance et un beau spectacle. L\u2019organisation \u00e9tait heureuse de les accueillir.<\/p>\n\n\n\n<h2 class=\"wp-block-heading\">Mission accomplie<\/h2>\n\n\n\n<p>C\u2019est mission accomplie pour cette 7e \u00e9dition de la Coupe Femina. Pour le comit\u00e9 organisateur, ce succ\u00e8s repose sur l\u2019adh\u00e9sion \u00e0 l\u2019\u00e9v\u00e9nement et le travail acharn\u00e9 de la cinquantaine de b\u00e9n\u00e9voles et la confiance de tous les partenaires.&nbsp;<\/p>\n\n\n\n<p>Apr\u00e8s 3 jours d\u2019activit\u00e9s, les navigatrices sont retourn\u00e9es dans leur milieu avec un grand sentiment de r\u00e9ussite, d\u2019accomplissement et la promesse d\u2019un retour assur\u00e9 en 2023.<\/p>\n\n\n\n<p>Toute l\u2019information et images concernant la Coupe Femina sont disponibles sur le site Internet www.coupe-femina.com<\/p>\n\n\n\n<p>Michelle Cantin<br>Pr\u00e9sidente de la Coupe Femina<\/p>\n\n\n\n<div class=\"wp-block-columns is-layout-flex wp-container-core-columns-is-layout-9d6595d7 wp-block-columns-is-layout-flex\">\n<div class=\"wp-block-column is-layout-flow wp-block-column-is-layout-flow\">\n<figure class=\"wp-block-embed is-type-video is-provider-youtube wp-block-embed-youtube wp-embed-aspect-16-9 wp-has-aspect-ratio\"><div class=\"wp-block-embed__wrapper\">\n<iframe title=\"Coupe Femina 2022   Marie Andr\u00e9e Poulin\" width=\"1200\" height=\"675\" src=\"https:\/\/www.youtube.com\/embed\/54GOJfLUpdk?feature=oembed\" frameborder=\"0\" allow=\"accelerometer; autoplay; clipboard-write; encrypted-media; gyroscope; picture-in-picture; web-share\" referrerpolicy=\"strict-origin-when-cross-origin\" allowfullscreen><\/iframe>\n<\/div><\/figure>\n<\/div>\n\n\n\n<div class=\"wp-block-column is-layout-flow wp-block-column-is-layout-flow\">\n<figure class=\"wp-block-embed is-type-video is-provider-youtube wp-block-embed-youtube wp-embed-aspect-16-9 wp-has-aspect-ratio\"><div class=\"wp-block-embed__wrapper\">\n<iframe title=\"Coupe Femina 2022   Justine Lamonde\" width=\"1200\" height=\"675\" src=\"https:\/\/www.youtube.com\/embed\/bvi8ZP7PFlE?feature=oembed\" frameborder=\"0\" allow=\"accelerometer; autoplay; clipboard-write; encrypted-media; gyroscope; picture-in-picture; web-share\" referrerpolicy=\"strict-origin-when-cross-origin\" allowfullscreen><\/iframe>\n<\/div><\/figure>\n<\/div>\n\n\n\n<div class=\"wp-block-column is-layout-flow wp-block-column-is-layout-flow\">\n<figure class=\"wp-block-embed is-type-video is-provider-youtube wp-block-embed-youtube wp-embed-aspect-16-9 wp-has-aspect-ratio\"><div class=\"wp-block-embed__wrapper\">\n<iframe title=\"Coupe Femina 2022   Camille Pouliot\" width=\"1200\" height=\"675\" src=\"https:\/\/www.youtube.com\/embed\/xaL-4SJ0V88?feature=oembed\" frameborder=\"0\" allow=\"accelerometer; autoplay; clipboard-write; encrypted-media; gyroscope; picture-in-picture; web-share\" referrerpolicy=\"strict-origin-when-cross-origin\" allowfullscreen><\/iframe>\n<\/div><\/figure>\n<\/div>\n<\/div>\n\n\n\n<div class=\"wp-block-columns is-layout-flex wp-container-core-columns-is-layout-9d6595d7 wp-block-columns-is-layout-flex\">\n<div class=\"wp-block-column is-layout-flow wp-block-column-is-layout-flow\">\n<figure class=\"wp-block-embed is-type-video is-provider-youtube wp-block-embed-youtube wp-embed-aspect-16-9 wp-has-aspect-ratio\"><div class=\"wp-block-embed__wrapper\">\n<iframe title=\"Coupe Femina 2022   Katell Quidelleur\" width=\"1200\" height=\"675\" src=\"https:\/\/www.youtube.com\/embed\/rcIO9zgCkdw?feature=oembed\" frameborder=\"0\" allow=\"accelerometer; autoplay; clipboard-write; encrypted-media; gyroscope; picture-in-picture; web-share\" referrerpolicy=\"strict-origin-when-cross-origin\" allowfullscreen><\/iframe>\n<\/div><\/figure>\n<\/div>\n\n\n\n<div class=\"wp-block-column is-layout-flow wp-block-column-is-layout-flow\">\n<figure class=\"wp-block-embed is-type-video is-provider-youtube wp-block-embed-youtube wp-embed-aspect-16-9 wp-has-aspect-ratio\"><div class=\"wp-block-embed__wrapper\">\n<iframe title=\"Coupe Femina 2022   Michelle Cantin\" width=\"1200\" height=\"675\" src=\"https:\/\/www.youtube.com\/embed\/MDKPjUF6UgE?feature=oembed\" frameborder=\"0\" allow=\"accelerometer; autoplay; clipboard-write; encrypted-media; gyroscope; picture-in-picture; web-share\" referrerpolicy=\"strict-origin-when-cross-origin\" allowfullscreen><\/iframe>\n<\/div><\/figure>\n<\/div>\n<\/div>\n","protected":false},"excerpt":{"rendered":"<p>Apr\u00e8s deux ans de pause, c\u2019est un vent de succ\u00e8s qui a souffl\u00e9 sur la 7e \u00e9dition de la Coupe Femina du 7 au 10 juillet 2022. Pour Formation Nautique Qu\u00e9bec, organisateur de l\u2019\u00e9v\u00e9nement, on ne pouvait souhaiter mieux. Tous les ingr\u00e9dients \u00e9taient r\u00e9unis pour assurer un retour fracassant de la Coupe Femina&nbsp;: c\u2019est 160 &#8230; <a title=\"C\u2019est un retour r\u00e9ussi pour la Coupe Femina\" class=\"read-more\" href=\"https:\/\/www.coupe-femina.com\/en\/cest-un-retour-reussi-pour-la-coupe-femina\/\" aria-label=\"Read more about C\u2019est un retour r\u00e9ussi pour la Coupe Femina\">Read more<\/a><\/p>\n","protected":false},"author":1,"featured_media":0,"comment_status":"closed","ping_status":"closed","sticky":false,"template":"","format":"standard","meta":{"_acf_changed":false,"_seopress_robots_primary_cat":"","_seopress_titles_title":"","_seopress_titles_desc":"","_seopress_robots_index":"","inline_featured_image":false,"footnotes":""},"categories":[1],"tags":[],"class_list":["post-1660","post","type-post","status-publish","format-standard","hentry","category-non-classe"],"acf":[],"_links":{"self":[{"href":"https:\/\/www.coupe-femina.com\/en\/wp-json\/wp\/v2\/posts\/1660","targetHints":{"allow":["GET"]}}],"collection":[{"href":"https:\/\/www.coupe-femina.com\/en\/wp-json\/wp\/v2\/posts"}],"about":[{"href":"https:\/\/www.coupe-femina.com\/en\/wp-json\/wp\/v2\/types\/post"}],"author":[{"embeddable":true,"href":"https:\/\/www.coupe-femina.com\/en\/wp-json\/wp\/v2\/users\/1"}],"replies":[{"embeddable":true,"href":"https:\/\/www.coupe-femina.com\/en\/wp-json\/wp\/v2\/comments?post=1660"}],"version-history":[{"count":2,"href":"https:\/\/www.coupe-femina.com\/en\/wp-json\/wp\/v2\/posts\/1660\/revisions"}],"predecessor-version":[{"id":1663,"href":"https:\/\/www.coupe-femina.com\/en\/wp-json\/wp\/v2\/posts\/1660\/revisions\/1663"}],"wp:attachment":[{"href":"https:\/\/www.coupe-femina.com\/en\/wp-json\/wp\/v2\/media?parent=1660"}],"wp:term":[{"taxonomy":"category","embeddable":true,"href":"https:\/\/www.coupe-femina.com\/en\/wp-json\/wp\/v2\/categories?post=1660"},{"taxonomy":"post_tag","embeddable":true,"href":"https:\/\/www.coupe-femina.com\/en\/wp-json\/wp\/v2\/tags?post=1660"}],"curies":[{"name":"wp","href":"https:\/\/api.w.org\/{rel}","templated":true}]}}