{"id":1613,"date":"2025-05-16T09:16:00","date_gmt":"2025-05-16T13:16:00","guid":{"rendered":"https:\/\/coupe-femina.enconstruction.website\/?p=1613"},"modified":"2026-01-26T18:31:15","modified_gmt":"2026-01-26T23:31:15","slug":"la-coupe-femina-laureat-2025-evenements-et-attraits-touristiques-decerne-par-la-chambre-de-commerce-et-dindustrie-du-grand-levis","status":"publish","type":"post","link":"https:\/\/www.coupe-femina.com\/en\/la-coupe-femina-laureat-2025-evenements-et-attraits-touristiques-decerne-par-la-chambre-de-commerce-et-dindustrie-du-grand-levis\/","title":{"rendered":"La Coupe Femina laur\u00e9at 2025 \u00ab\u00a0\u00c9v\u00e9nements et attraits touristiques\u00a0\u00bb d\u00e9cern\u00e9 par la Chambre de commerce et d&rsquo;industrie du Grand L\u00e9vis !"},"content":{"rendered":"\n<div class=\"wp-block-columns is-layout-flex wp-container-core-columns-is-layout-9d6595d7 wp-block-columns-is-layout-flex\">\n<div class=\"wp-block-column is-layout-flow wp-block-column-is-layout-flow\">\n<figure class=\"wp-block-image size-full\"><img alt=\"\" fetchpriority=\"high\" decoding=\"async\" width=\"400\" height=\"266\" src=\"https:\/\/www.coupe-femina.com\/wp-content\/uploads\/2025\/10\/coupe-femina-laureat-2025-2.jpg\" alt=\"\" class=\"wp-image-1616\" srcset=\"https:\/\/www.coupe-femina.com\/wp-content\/uploads\/2025\/10\/coupe-femina-laureat-2025-2.jpg 400w, https:\/\/www.coupe-femina.com\/wp-content\/uploads\/2025\/10\/coupe-femina-laureat-2025-2-300x200.jpg 300w\" sizes=\"(max-width: 400px) 100vw, 400px\" \/><\/figure>\n\n\n\n<p><\/p>\n\n\n\n<p>Le vendredi 16 mai, devant pr\u00e8s de 700 personnes rassembl\u00e9es au Centre des congr\u00e8s de L\u00e9vis la Coupe Femina re\u00e7oit le Laur\u00e9at 2025&nbsp;\u00ab <strong>\u00c9v\u00e9nements et attraits touristiques <\/strong>\u00bb d\u00e9cern\u00e9 par la Chambre de commerce et d\u2019industrie du Grand L\u00e9vis dans le cadre des Pl\u00e9iades &#8211; Prix d&rsquo;excellence.<br><br>Cette reconnaissance, je la partage avec notre formidable \u00e9quipe de b\u00e9n\u00e9voles qui, ann\u00e9e apr\u00e8s ann\u00e9e, hisse la Coupe Femina vers de nouveaux sommets.<\/p>\n\n\n\n<p>Avec nos partenaires engag\u00e9s qui font route avec nous.<\/p>\n\n\n\n<p>Avec nos participantes inspirantes, v\u00e9ritables mod\u00e8les de d\u00e9termination, de passion et de solidarit\u00e9.<\/p>\n\n\n\n<p>Et avec toutes celles et ceux qui, de pr\u00e8s ou de loin, contribuent au succ\u00e8s de cette aventure unique.<\/p>\n\n\n\n<p>Merci de croire aux valeurs de leadership, de d\u00e9termination, de courage, de pers\u00e9v\u00e9rance, d&rsquo;esprit d&rsquo;\u00e9quipe que nous portons, et de faire vibrer chaque \u00e9dition un peu plus fort.<\/p>\n\n\n\n<p>On se donne rendez-vous le samedi 5 juillet 2025 au Quai Paquet pour le d\u00e9part de la prochaine \u00e9dition !<\/p>\n\n\n\n<p>Merci \u00e0 la Chambre de commerce et d&rsquo;industries du Grand L\u00e9vis et ses partenaires pour cette belle soir\u00e9e.<\/p>\n\n\n\n<p>Michelle Cantin<\/p>\n<\/div>\n<\/div>\n","protected":false},"excerpt":{"rendered":"<p>Le vendredi 16 mai, devant pr\u00e8s de 700 personnes rassembl\u00e9es au Centre des congr\u00e8s de L\u00e9vis la Coupe Femina re\u00e7oit le Laur\u00e9at 2025&nbsp;\u00ab \u00c9v\u00e9nements et attraits touristiques \u00bb d\u00e9cern\u00e9 par la Chambre de commerce et d\u2019industrie du Grand L\u00e9vis dans le cadre des Pl\u00e9iades &#8211; Prix d&rsquo;excellence. Cette reconnaissance, je la partage avec notre formidable &#8230; <a title=\"La Coupe Femina laur\u00e9at 2025 \u00ab\u00a0\u00c9v\u00e9nements et attraits touristiques\u00a0\u00bb d\u00e9cern\u00e9 par la Chambre de commerce et d&rsquo;industrie du Grand L\u00e9vis !\" class=\"read-more\" href=\"https:\/\/www.coupe-femina.com\/en\/la-coupe-femina-laureat-2025-evenements-et-attraits-touristiques-decerne-par-la-chambre-de-commerce-et-dindustrie-du-grand-levis\/\" aria-label=\"Read more about La Coupe Femina laur\u00e9at 2025 \u00ab\u00a0\u00c9v\u00e9nements et attraits touristiques\u00a0\u00bb d\u00e9cern\u00e9 par la Chambre de commerce et d&rsquo;industrie du Grand L\u00e9vis !\">Read more<\/a><\/p>\n","protected":false},"author":1,"featured_media":1622,"comment_status":"closed","ping_status":"closed","sticky":false,"template":"","format":"standard","meta":{"_acf_changed":false,"_seopress_robots_primary_cat":"none","_seopress_titles_title":"","_seopress_titles_desc":"","_seopress_robots_index":"","inline_featured_image":false,"footnotes":""},"categories":[1],"tags":[],"class_list":["post-1613","post","type-post","status-publish","format-standard","has-post-thumbnail","hentry","category-non-classe"],"acf":[],"_links":{"self":[{"href":"https:\/\/www.coupe-femina.com\/en\/wp-json\/wp\/v2\/posts\/1613","targetHints":{"allow":["GET"]}}],"collection":[{"href":"https:\/\/www.coupe-femina.com\/en\/wp-json\/wp\/v2\/posts"}],"about":[{"href":"https:\/\/www.coupe-femina.com\/en\/wp-json\/wp\/v2\/types\/post"}],"author":[{"embeddable":true,"href":"https:\/\/www.coupe-femina.com\/en\/wp-json\/wp\/v2\/users\/1"}],"replies":[{"embeddable":true,"href":"https:\/\/www.coupe-femina.com\/en\/wp-json\/wp\/v2\/comments?post=1613"}],"version-history":[{"count":8,"href":"https:\/\/www.coupe-femina.com\/en\/wp-json\/wp\/v2\/posts\/1613\/revisions"}],"predecessor-version":[{"id":2956,"href":"https:\/\/www.coupe-femina.com\/en\/wp-json\/wp\/v2\/posts\/1613\/revisions\/2956"}],"wp:featuredmedia":[{"embeddable":true,"href":"https:\/\/www.coupe-femina.com\/en\/wp-json\/wp\/v2\/media\/1622"}],"wp:attachment":[{"href":"https:\/\/www.coupe-femina.com\/en\/wp-json\/wp\/v2\/media?parent=1613"}],"wp:term":[{"taxonomy":"category","embeddable":true,"href":"https:\/\/www.coupe-femina.com\/en\/wp-json\/wp\/v2\/categories?post=1613"},{"taxonomy":"post_tag","embeddable":true,"href":"https:\/\/www.coupe-femina.com\/en\/wp-json\/wp\/v2\/tags?post=1613"}],"curies":[{"name":"wp","href":"https:\/\/api.w.org\/{rel}","templated":true}]}}